{"id":2898,"date":"2017-05-17T09:38:16","date_gmt":"2017-05-17T06:38:16","guid":{"rendered":"https:\/\/adalethazar.com\/?p=2898"},"modified":"2017-05-17T09:38:16","modified_gmt":"2017-05-17T06:38:16","slug":"dolartlde-yon-yukari-2","status":"publish","type":"post","link":"https:\/\/adalethazar.com\/index.php\/dolartlde-yon-yukari-2\/","title":{"rendered":"Dolar\/TL&#8217;de y\u00f6n yukar\u0131"},"content":{"rendered":"<h2 class=\"col-lg-12 col-md-12 col-sm-12 col-xs-12 authorNameDate\">Bloomberght &#8211; Kur d\u00fcnk\u00fc kritik Erdo\u011fan-Trump g\u00f6r\u00fc\u015fmesi sonras\u0131 y\u00fckseli\u015fte<\/h2>\n<p><!--more--><\/p>\n<p><a class=\"popupOnMouseOver\">Dolar\/TL <i class=\"fa fa-bar-chart\"><\/i><\/a> g\u00fcne y\u00fckseli\u015fle ba\u015flad\u0131. Kur saat 09:08 itibariyle %0.2 y\u00fckseli\u015fle 3.5468&#8217;ten i\u015flem g\u00f6r\u00fcyor. Euro ise %0.5&#8217;i a\u015fan art\u0131\u015fla 3.9440&#8217;tan i\u015flem g\u00f6rd\u00fc.<\/p>\n<p>Piyasalar d\u00fcn Cumhurba\u015fkan\u0131 Erdo\u011fan&#8217;\u0131n ABD Ba\u015fkan\u0131 Donald Trump ile g\u00f6r\u00fc\u015fmesine odakland\u0131. Cumhurba\u015fkanl\u0131\u011f\u0131 S\u00f6zc\u00fcs\u00fc \u0130brahim Kal\u0131n g\u00f6r\u00fc\u015fmede ekonomi, ticaret ve savunma alanlar\u0131nda at\u0131lacak ad\u0131mlar\u0131n de\u011ferlendirildi\u011fini belirtti. PKK ve DAE\u015e ba\u015fta olmak \u00fczere ter\u00f6r \u00f6rg\u00fctleriyle m\u00fccadele masaya yat\u0131r\u0131l\u0131rken, FET\u00d6&#8217;ye y\u00f6nelik at\u0131labilecek ad\u0131mlar da g\u00f6r\u00fc\u015f\u00fcld\u00fc. Donald Trump bas\u0131n toplant\u0131s\u0131nda &#8220;T\u00fcrk halk\u0131n\u0131 ter\u00f6rle m\u00fccadelede destekliyoruz. T\u00fcrkiye&#8217;yi PKK ve DEA\u015e&#8217;a kar\u015f\u0131 destekliyoruz&#8221; dedi.<\/p>\n<p>Kapital FX Ara\u015ft\u0131rma M\u00fcd\u00fcr Yard\u0131mc\u0131s\u0131 Enver Erkan &#8220;TL&#8217;nin bulundu\u011fu yer itibariyle Erdo\u011fan \u2013 Trump g\u00f6r\u00fc\u015fmesi \u00f6ncesindeki seviyelerini muhafaza etti\u011fini g\u00f6r\u00fcyoruz. Kurda halen 3,55 \u00f6nemli bir orta nokta i\u015flevinde, bu seviye \u00fczerinde 3,58\u2019in \u00fczerine do\u011fru bir hareket beklenebilir. USD\u2019nin k\u00fcresel piyasalarda zay\u0131f bir g\u00f6r\u00fcnt\u00fc \u00e7izmesiTRY ba\u015fta olmak \u00fczere EM kurlar\u0131 a\u00e7\u0131s\u0131ndan olumlu.&#8221; de\u011ferlendirmesini yapt\u0131.<\/p>\n<p><strong>MOODY&#8217;S: T\u00dcRK\u0130YE B\u0130Z\u0130 \u015eA\u015eIRTAB\u0130L\u0130R<\/strong><\/p>\n<p>kredi derecelendirme kurulu\u015fu Moody\u2019s d\u00fcn \u201cGeli\u015fmekte olan Piyasalar Zirvesi\u201d d\u00fczenledi. Toplant\u0131da T\u00fcrkiye&#8217;ye ili\u015fkin de\u011ferlendirmelere de yer verildi ve \u201cYerel ve jeopolitik risklerin b\u00fcy\u00fcme gidi\u015fat\u0131n\u0131 bask\u0131lamas\u0131 sebebiyle T\u00fcrkiye&#8217;de 2017\u2019de reel Gayri Safi Has\u0131la b\u00fcy\u00fcmesinin % 2,6, 2018&#8217;de ise % 2,9 seviyesinde ger\u00e7ekle\u015fmesini bekliyoruz&#8221; de\u011ferlendirmesi yap\u0131ld\u0131.<\/p>\n<p>A\u00e7\u0131klamada \u201cH\u00fck\u00fcmet ekonomik reform program\u0131n\u0131 geli\u015ftirerek, b\u00fcy\u00fcmeyi destekleyerek, tasarruf oran\u0131n\u0131 art\u0131rarak ve d\u0131\u015f finansmana olan sermaye ba\u011f\u0131ml\u0131l\u0131\u011f\u0131n\u0131 azaltarak bizi \u015fa\u015f\u0131rtabilir.\u201d ifadesine yer verdi.<\/p>\n<p>Bug\u00fcn yurti\u00e7inde ve yurtd\u0131\u015f\u0131nda piyasalar\u0131 etkileyebilecek \u00f6nemli bir veri ak\u0131\u015f\u0131 bulunmuyor.<\/p>\n","protected":false},"excerpt":{"rendered":"<p>Bloomberght &#8211; Kur d\u00fcnk\u00fc kritik Erdo\u011fan-Trump g\u00f6r\u00fc\u015fmesi sonras\u0131 y\u00fckseli\u015fte<\/p>\n","protected":false},"author":2,"featured_media":0,"comment_status":"closed","ping_status":"closed","sticky":false,"template":"","format":"standard","meta":[],"categories":[1],"tags":[],"views":8852,"_links":{"self":[{"href":"https:\/\/adalethazar.com\/index.php\/wp-json\/wp\/v2\/posts\/2898"}],"collection":[{"href":"https:\/\/adalethazar.com\/index.php\/wp-json\/wp\/v2\/posts"}],"about":[{"href":"https:\/\/adalethazar.com\/index.php\/wp-json\/wp\/v2\/types\/post"}],"author":[{"embeddable":true,"href":"https:\/\/adalethazar.com\/index.php\/wp-json\/wp\/v2\/users\/2"}],"replies":[{"embeddable":true,"href":"https:\/\/adalethazar.com\/index.php\/wp-json\/wp\/v2\/comments?post=2898"}],"version-history":[{"count":1,"href":"https:\/\/adalethazar.com\/index.php\/wp-json\/wp\/v2\/posts\/2898\/revisions"}],"predecessor-version":[{"id":2899,"href":"https:\/\/adalethazar.com\/index.php\/wp-json\/wp\/v2\/posts\/2898\/revisions\/2899"}],"wp:attachment":[{"href":"https:\/\/adalethazar.com\/index.php\/wp-json\/wp\/v2\/media?parent=2898"}],"wp:term":[{"taxonomy":"category","embeddable":true,"href":"https:\/\/adalethazar.com\/index.php\/wp-json\/wp\/v2\/categories?post=2898"},{"taxonomy":"post_tag","embeddable":true,"href":"https:\/\/adalethazar.com\/index.php\/wp-json\/wp\/v2\/tags?post=2898"}],"curies":[{"name":"wp","href":"https:\/\/api.w.org\/{rel}","templated":true}]}}